{"id":1316,"date":"2020-10-22T07:12:50","date_gmt":"2020-10-22T10:12:50","guid":{"rendered":"http:\/\/fbpf.org.br\/site\/?p=1316"},"modified":"2020-10-26T07:34:20","modified_gmt":"2020-10-26T10:34:20","slug":"festival-de-cinema-belga-encontro-com-o-diretor-joachim-lafosse","status":"publish","type":"post","link":"https:\/\/fbpf.org.br\/site\/noticia\/festival-de-cinema-belga-encontro-com-o-diretor-joachim-lafosse\/","title":{"rendered":"Festival de cinema belga: encontro com o diretor Joachim Lafosse"},"content":{"rendered":"\n<p>Conhe\u00e7a o diretor Joachim Lafosse com uma sess\u00e3o de perguntas e respostas ao vivo \ud83c\udfa5<\/p>\n\n\n\n<p>Joachim Lafosse dirigiu o filme \u201cA perdre la raison&#8221; (Para perder a raz\u00e3o), que est\u00e1 programado como parte do <a href=\"https:\/\/www.festivalscope.com\/page\/wbi\/\" target=\"_blank\" rel=\"noreferrer noopener\"><strong>festival de cinema online Val\u00f4nia-Bruxelas<\/strong><\/a> dispon\u00edvel gratuitamente at\u00e9 21 de outubro.<\/p>\n\n\n\n<p>O diretor participar\u00e1 de um encontro ao vivo com o p\u00fablico ter\u00e7a-feira, 20 de outubro \u00e0s 10h na p\u00e1gina Facebook da Val\u00f4nia-Bruxelas Internacional e no <a rel=\"noreferrer noopener\" href=\"https:\/\/www.youtube.com\/channel\/UCFWBDOElTrmVotVrnlsI5fw\" target=\"_blank\"><strong>Youtube do Press Club de Bruxelas<\/strong><\/a>.<\/p>\n\n\n\n<div class=\"wp-block-image\"><figure class=\"aligncenter size-large\"><img decoding=\"async\" src=\"https:\/\/www.wbi.be\/sites\/all\/themes\/wbi\/assets\/img\/logo.png\" alt=\"\"\/><\/figure><\/div>\n","protected":false},"excerpt":{"rendered":"<p>Conhe\u00e7a o diretor Joachim Lafosse com uma sess\u00e3o de perguntas e respostas ao vivo \ud83c\udfa5 Joachim Lafosse dirigiu o filme \u201cA perdre la raison&#8221; (Para perder a raz\u00e3o), que est\u00e1 programado como parte do festival de cinema online Val\u00f4nia-Bruxelas dispon\u00edvel gratuitamente at\u00e9 21 de outubro. O diretor participar\u00e1 de um encontro ao vivo com o<\/p>\n<p class=\"more-link-wrapper\"><a href=\"https:\/\/fbpf.org.br\/site\/noticia\/festival-de-cinema-belga-encontro-com-o-diretor-joachim-lafosse\/\" class=\"more-link\">Continue de lire<span class=\"screen-reader-text\"> &#8220;Festival de cinema belga: encontro com o diretor Joachim Lafosse&#8221;<\/span><\/a><\/p>\n","protected":false},"author":2,"featured_media":1318,"comment_status":"closed","ping_status":"open","sticky":false,"template":"","format":"standard","meta":{"footnotes":""},"categories":[13],"tags":[],"class_list":["post-1316","post","type-post","status-publish","format-standard","has-post-thumbnail","hentry","category-noticia"],"featured_image_src":"https:\/\/fbpf.org.br\/site\/wp-content\/uploads\/2020\/10\/wallonie_lafosse.jpg","author_info":{"display_name":"FBPF","author_link":"https:\/\/fbpf.org.br\/site\/author\/editor\/"},"_links":{"self":[{"href":"https:\/\/fbpf.org.br\/site\/wp-json\/wp\/v2\/posts\/1316","targetHints":{"allow":["GET"]}}],"collection":[{"href":"https:\/\/fbpf.org.br\/site\/wp-json\/wp\/v2\/posts"}],"about":[{"href":"https:\/\/fbpf.org.br\/site\/wp-json\/wp\/v2\/types\/post"}],"author":[{"embeddable":true,"href":"https:\/\/fbpf.org.br\/site\/wp-json\/wp\/v2\/users\/2"}],"replies":[{"embeddable":true,"href":"https:\/\/fbpf.org.br\/site\/wp-json\/wp\/v2\/comments?post=1316"}],"version-history":[{"count":2,"href":"https:\/\/fbpf.org.br\/site\/wp-json\/wp\/v2\/posts\/1316\/revisions"}],"predecessor-version":[{"id":1319,"href":"https:\/\/fbpf.org.br\/site\/wp-json\/wp\/v2\/posts\/1316\/revisions\/1319"}],"wp:featuredmedia":[{"embeddable":true,"href":"https:\/\/fbpf.org.br\/site\/wp-json\/wp\/v2\/media\/1318"}],"wp:attachment":[{"href":"https:\/\/fbpf.org.br\/site\/wp-json\/wp\/v2\/media?parent=1316"}],"wp:term":[{"taxonomy":"category","embeddable":true,"href":"https:\/\/fbpf.org.br\/site\/wp-json\/wp\/v2\/categories?post=1316"},{"taxonomy":"post_tag","embeddable":true,"href":"https:\/\/fbpf.org.br\/site\/wp-json\/wp\/v2\/tags?post=1316"}],"curies":[{"name":"wp","href":"https:\/\/api.w.org\/{rel}","templated":true}]}}