{"id":1328,"date":"2020-10-27T16:23:15","date_gmt":"2020-10-27T19:23:15","guid":{"rendered":"http:\/\/fbpf.org.br\/site\/?p=1328"},"modified":"2025-05-05T15:16:37","modified_gmt":"2025-05-05T18:16:37","slug":"ultima-gestao-apfdf-bureau-2017-2019","status":"publish","type":"post","link":"https:\/\/fbpf.org.br\/site\/apfs\/distrito-federal\/ultima-gestao-apfdf-bureau-2017-2019\/","title":{"rendered":"D&#8217;autres bureaux de l&#8217;APFDF"},"content":{"rendered":"\n<figure class=\"wp-block-image size-large is-resized\"><a href=\"https:\/\/fbpf.org.br\/site\/apfs\/distrito-federal\/\"><img loading=\"lazy\" decoding=\"async\" width=\"980\" height=\"984\" src=\"https:\/\/fbpf.org.br\/site\/wp-content\/uploads\/2020\/10\/voltar.png\" alt=\"Voltar para DF\" class=\"wp-image-1334\" style=\"width:39px;height:39px\" srcset=\"https:\/\/fbpf.org.br\/site\/wp-content\/uploads\/2020\/10\/voltar.png 980w, https:\/\/fbpf.org.br\/site\/wp-content\/uploads\/2020\/10\/voltar-300x300.png 300w, https:\/\/fbpf.org.br\/site\/wp-content\/uploads\/2020\/10\/voltar-150x150.png 150w, https:\/\/fbpf.org.br\/site\/wp-content\/uploads\/2020\/10\/voltar-768x771.png 768w\" sizes=\"auto, (max-width: 980px) 100vw, 980px\" \/><\/a><\/figure>\n\n\n\n<h3 class=\"wp-block-heading\">Bureau 2021\/2023<\/h3>\n\n\n\n<p class=\"recuo_block\"><strong>Pr\u00e9sidente: <\/strong>Waldemar Oliveira de Andrade J\u00fanior<br><strong>Vice-pr\u00e9sidente: <\/strong>Josely Bogo Machado Soncella<br><strong>1\u00e8re Secr\u00e9taire:<\/strong> K\u00e1tia Pereira da Silva<br><strong>2e Secr\u00e9taire: <\/strong>Denilson da Silveira Alves<br><strong>1\u00e8re Tr\u00e9sori\u00e8re:<\/strong> Walesca Afonso Alves P\u00f4rto<br><strong>2e Tr\u00e9sori\u00e8re:<\/strong> Denise Gisele de Britto Damasco<\/p>\n\n\n\n<h3 class=\"wp-block-heading\">Bureau 2019\/2021<\/h3>\n\n\n\n<p class=\"recuo_block\"><strong>Pr\u00e9sidente: <\/strong>Waldemar Oliveira de Andrade J\u00fanior<br><strong>Vice-pr\u00e9sidente: <\/strong>Josely Bogo Machado Soncella<br><strong>1\u00e8re Secr\u00e9taire:<\/strong> K\u00e1tia Pereira da Silva<br><strong>2e Secr\u00e9taire: <\/strong>Denilson da Silveira Alves<br><strong>1\u00e8re Tr\u00e9sori\u00e8re:<\/strong> Denise Gisele de Britto Damasco<br><strong>2e Tr\u00e9sori\u00e8re:<\/strong> Paulina Piroska Gonzalez Forni<\/p>\n\n\n\n<h3 class=\"wp-block-heading\">Bureau 2017\/2019<\/h3>\n\n\n\n<p class=\"recuo_block\"><strong>Pr\u00e9sidente:<\/strong> Rosana de Ara\u00fajo Correia<br><strong>Vice-pr\u00e9sidente:<\/strong> &nbsp;Claudine Marie Jeanne Franchon Cabrera Ordonez<br><strong>1\u00e8re Secr\u00e9taire:<\/strong>&nbsp;K\u00e1tia Pereira da Silva&nbsp;<br><strong>2e Secr\u00e9taire:<\/strong> Tatiana Nardy Pimentel&nbsp;<br><strong>1\u00e8re Tr\u00e9sori\u00e8re:<\/strong> Denise Gisele de Britto Damasco&nbsp;<br><strong>2e Tr\u00e9sori\u00e8re:<\/strong> Paulina Piroska Gonzalez Forni<\/p>\n\n\n\n<h3 class=\"wp-block-heading\">Bureau 2015\/2017<\/h3>\n\n\n\n<p class=\"recuo_block\"><strong>Pr\u00e9sidente:<\/strong>&nbsp;Denise Gisele de Britto Damasco<br><strong>Vice-pr\u00e9sidente:<\/strong>&nbsp;Maria da Gl\u00f3ria Magalh\u00e3es dos Reis<br><strong>Premi\u00e8re secr\u00e9taire:<\/strong> Rosana de Ara\u00fajo Correia<br><strong>Deuxi\u00e8me secr\u00e9taire:<\/strong> Tatiana Nardy Pimentel<br><strong>Premi\u00e8re tr\u00e9sori\u00e8re:<\/strong> Narciza Brito Damaceno<br><strong>Deuxi\u00e8me tr\u00e9sori\u00e8re:<\/strong> Vera L\u00facia Silva dos Santos<\/p>\n\n\n\n<h3 class=\"wp-block-heading\">Bureau 2013\/2015:&nbsp;<\/h3>\n\n\n\n<p class=\"recuo_block\"><strong>Pr\u00e9sidente:<\/strong>&nbsp;Denise Gisele de Britto Damasco<br><strong>Vice-pr\u00e9sidente:<\/strong> Etel N\u00facia Oliveira Monteiro<br><strong>Premi\u00e8re secr\u00e9taire:<\/strong> Rosana de Ara\u00fajo Correia<br><strong>Deuxi\u00e8me secr\u00e9taire:<\/strong> Vera Lucia dos Santos<br><strong>Premi\u00e8re tr\u00e9sori\u00e8re: <\/strong>Narciza Brito Damaceno<br><strong>Deuxi\u00e8me tr\u00e9sori\u00e8re:<\/strong> Maria da Gl\u00f3ria Magalh\u00e3es dos Reis<\/p>\n\n\n<div class=\"wp-block-image\">\n<figure class=\"alignleft size-large is-resized\"><a href=\"https:\/\/fbpf.org.br\/site\/apfs\/distrito-federal\/\"><img loading=\"lazy\" decoding=\"async\" width=\"980\" height=\"984\" src=\"https:\/\/fbpf.org.br\/site\/wp-content\/uploads\/2020\/10\/voltar.png\" alt=\"\" class=\"wp-image-1334\" style=\"width:39px;height:39px\" srcset=\"https:\/\/fbpf.org.br\/site\/wp-content\/uploads\/2020\/10\/voltar.png 980w, https:\/\/fbpf.org.br\/site\/wp-content\/uploads\/2020\/10\/voltar-300x300.png 300w, https:\/\/fbpf.org.br\/site\/wp-content\/uploads\/2020\/10\/voltar-150x150.png 150w, https:\/\/fbpf.org.br\/site\/wp-content\/uploads\/2020\/10\/voltar-768x771.png 768w\" sizes=\"auto, (max-width: 980px) 100vw, 980px\" \/><\/a><\/figure>\n<\/div>\n\n\n<p><br><a href=\"https:\/\/fbpf.org.br\/site\/apfs\/distrito-federal\/\">Voltar<\/a><\/p>\n\n\n\n<p><\/p>\n","protected":false},"excerpt":{"rendered":"<p>\u25b2 Cliquez ci-dessus pour en savoir plus ! \u25b2<\/p>\n","protected":false},"author":2,"featured_media":0,"comment_status":"closed","ping_status":"open","sticky":false,"template":"","format":"standard","meta":{"footnotes":""},"categories":[19],"tags":[],"class_list":["post-1328","post","type-post","status-publish","format-standard","hentry","category-distrito-federal"],"featured_image_src":null,"author_info":{"display_name":"FBPF","author_link":"https:\/\/fbpf.org.br\/site\/author\/editor\/"},"_links":{"self":[{"href":"https:\/\/fbpf.org.br\/site\/wp-json\/wp\/v2\/posts\/1328","targetHints":{"allow":["GET"]}}],"collection":[{"href":"https:\/\/fbpf.org.br\/site\/wp-json\/wp\/v2\/posts"}],"about":[{"href":"https:\/\/fbpf.org.br\/site\/wp-json\/wp\/v2\/types\/post"}],"author":[{"embeddable":true,"href":"https:\/\/fbpf.org.br\/site\/wp-json\/wp\/v2\/users\/2"}],"replies":[{"embeddable":true,"href":"https:\/\/fbpf.org.br\/site\/wp-json\/wp\/v2\/comments?post=1328"}],"version-history":[{"count":23,"href":"https:\/\/fbpf.org.br\/site\/wp-json\/wp\/v2\/posts\/1328\/revisions"}],"predecessor-version":[{"id":3663,"href":"https:\/\/fbpf.org.br\/site\/wp-json\/wp\/v2\/posts\/1328\/revisions\/3663"}],"wp:attachment":[{"href":"https:\/\/fbpf.org.br\/site\/wp-json\/wp\/v2\/media?parent=1328"}],"wp:term":[{"taxonomy":"category","embeddable":true,"href":"https:\/\/fbpf.org.br\/site\/wp-json\/wp\/v2\/categories?post=1328"},{"taxonomy":"post_tag","embeddable":true,"href":"https:\/\/fbpf.org.br\/site\/wp-json\/wp\/v2\/tags?post=1328"}],"curies":[{"name":"wp","href":"https:\/\/api.w.org\/{rel}","templated":true}]}}