{"id":1735,"date":"2020-11-23T08:08:55","date_gmt":"2020-11-23T11:08:55","guid":{"rendered":"http:\/\/fbpf.org.br\/site\/?p=1735"},"modified":"2020-11-30T13:24:09","modified_gmt":"2020-11-30T16:24:09","slug":"live-concert-de-la-fbpf-26-novembre-2020","status":"publish","type":"post","link":"https:\/\/fbpf.org.br\/site\/hommages-aux-enseignants\/live-concert-de-la-fbpf-26-novembre-2020\/","title":{"rendered":"Live Concert de la FBPF &#8211; 26 novembre 2020"},"content":{"rendered":"\n<p>Nous vous invitons au <em>Live Concert<\/em> de la FBPF, soigneusement pr\u00e9par\u00e9 pour vous par le bureau de la FBPF et par une \u00e9quipe de communication compos\u00e9e de jeunes enseignantes et \u00e9tudiante de FLE! Ce <em>Live Concert<\/em> aura lieu le <strong>26 novembre \u00e0 20h<\/strong> sur la <a href=\"https:\/\/www.youtube.com\/channel\/UCTs8kn4vMuvY7iW5LRaIXaQ\" target=\"_blank\" rel=\"noreferrer noopener\">cha\u00eene YouTube de la FBPF<\/a>, voir invitation en pj. Nous vous proposons un beau concert pour adoucir nos vies dans cette p\u00e9riode si difficile de pand\u00e9mie.&nbsp;<\/p>\n\n\n\n<p>Nous diffusons aussi la programmation compl\u00e8te de la JIPF Br\u00e9sil 2020. Sachez que les actions propos\u00e9es dans le&nbsp;cadre de l&#8217;appel n \u00b0 4\/2020, entre autres, vont int\u00e9grer une capsule vid\u00e9o que la FBPF organisera avec les ressources re\u00e7ues dans le cadre de l&#8217;Appel \u00e0 Projets de la FIPF. Nous remercions aussi nos partenaires lors de la JIPF de 2020: l&#8217;Ambassade de France au Br\u00e9sil et la F\u00e9d\u00e9ration internationale des professeurs de fran\u00e7ais.&nbsp;<\/p>\n\n\n\n<p><em><strong>Du dimanche 22 au mardi 30 nous sommes en f\u00eate.\u00a0Vive les professeurs de fran\u00e7ais!!<\/strong><\/em><\/p>\n\n\n\n<ul class=\"recuo_block wp-block-list\"><li><a href=\"http:\/\/fbpf.org.br\/arquivos\/Invitation_JIPF_FBPF_20.pdf\" target=\"_blank\" rel=\"noreferrer noopener\">INVITATION<\/a><\/li><li><a href=\"http:\/\/fbpf.org.br\/arquivos\/FBPF_Programmation_JIPF_Bresil_2020.pdf\" target=\"_blank\" rel=\"noreferrer noopener\">PROGRAMMATION<\/a><\/li><\/ul>\n","protected":false},"excerpt":{"rendered":"<p>Nous vous invitons au Live Concert de la FBPF, soigneusement pr\u00e9par\u00e9 pour vous par le bureau de la FBPF et par une \u00e9quipe de communication compos\u00e9e de jeunes enseignantes et \u00e9tudiante de FLE! Ce Live Concert aura lieu le 26 novembre \u00e0 20h sur la cha\u00eene YouTube de la FBPF, voir invitation en pj. Nous<\/p>\n<p class=\"more-link-wrapper\"><a href=\"https:\/\/fbpf.org.br\/site\/hommages-aux-enseignants\/live-concert-de-la-fbpf-26-novembre-2020\/\" class=\"more-link\">Continue de lire<span class=\"screen-reader-text\"> &#8220;Live Concert de la FBPF &#8211; 26 novembre 2020&#8221;<\/span><\/a><\/p>\n","protected":false},"author":2,"featured_media":1736,"comment_status":"closed","ping_status":"open","sticky":false,"template":"","format":"standard","meta":{"footnotes":""},"categories":[15],"tags":[],"class_list":["post-1735","post","type-post","status-publish","format-standard","has-post-thumbnail","hentry","category-hommages-aux-enseignants"],"featured_image_src":"https:\/\/fbpf.org.br\/site\/wp-content\/uploads\/2020\/11\/affiche_JIPF_FBPF-live.jpg","author_info":{"display_name":"FBPF","author_link":"https:\/\/fbpf.org.br\/site\/author\/editor\/"},"_links":{"self":[{"href":"https:\/\/fbpf.org.br\/site\/wp-json\/wp\/v2\/posts\/1735","targetHints":{"allow":["GET"]}}],"collection":[{"href":"https:\/\/fbpf.org.br\/site\/wp-json\/wp\/v2\/posts"}],"about":[{"href":"https:\/\/fbpf.org.br\/site\/wp-json\/wp\/v2\/types\/post"}],"author":[{"embeddable":true,"href":"https:\/\/fbpf.org.br\/site\/wp-json\/wp\/v2\/users\/2"}],"replies":[{"embeddable":true,"href":"https:\/\/fbpf.org.br\/site\/wp-json\/wp\/v2\/comments?post=1735"}],"version-history":[{"count":5,"href":"https:\/\/fbpf.org.br\/site\/wp-json\/wp\/v2\/posts\/1735\/revisions"}],"predecessor-version":[{"id":1755,"href":"https:\/\/fbpf.org.br\/site\/wp-json\/wp\/v2\/posts\/1735\/revisions\/1755"}],"wp:featuredmedia":[{"embeddable":true,"href":"https:\/\/fbpf.org.br\/site\/wp-json\/wp\/v2\/media\/1736"}],"wp:attachment":[{"href":"https:\/\/fbpf.org.br\/site\/wp-json\/wp\/v2\/media?parent=1735"}],"wp:term":[{"taxonomy":"category","embeddable":true,"href":"https:\/\/fbpf.org.br\/site\/wp-json\/wp\/v2\/categories?post=1735"},{"taxonomy":"post_tag","embeddable":true,"href":"https:\/\/fbpf.org.br\/site\/wp-json\/wp\/v2\/tags?post=1735"}],"curies":[{"name":"wp","href":"https:\/\/api.w.org\/{rel}","templated":true}]}}