{"id":2105,"date":"2021-02-08T07:02:39","date_gmt":"2021-02-08T10:02:39","guid":{"rendered":"http:\/\/fbpf.org.br\/site\/?p=2105"},"modified":"2021-03-22T15:42:11","modified_gmt":"2021-03-22T18:42:11","slug":"video-institutionnelle-des-activites-de-la-jipf-2020-au-bresil","status":"publish","type":"post","link":"https:\/\/fbpf.org.br\/site\/jipf\/video-institutionnelle-des-activites-de-la-jipf-2020-au-bresil\/","title":{"rendered":"Vid\u00e9o Institutionnelle des Activit\u00e9s de la JIPF 2020 au Br\u00e9sil"},"content":{"rendered":"\n<figure class=\"wp-block-embed is-type-video is-provider-youtube wp-block-embed-youtube wp-embed-aspect-16-9 wp-has-aspect-ratio\"><div class=\"wp-block-embed__wrapper\">\n<iframe loading=\"lazy\" title=\"Le Jour Du Prof De Fran\u00e7ais - FBPF Institucional 2020\" width=\"760\" height=\"428\" src=\"https:\/\/www.youtube.com\/embed\/9ABK0boWX7A?feature=oembed\" frameborder=\"0\" allow=\"accelerometer; autoplay; clipboard-write; encrypted-media; gyroscope; picture-in-picture\" allowfullscreen><\/iframe>\n<\/div><figcaption>Ou acesse o endere\u00e7o: <a rel=\"noreferrer noopener\" href=\"https:\/\/youtu.be\/9ABK0boWX7A\" target=\"_blank\">https:\/\/youtu.be\/9ABK0boWX7A<\/a>.<\/figcaption><\/figure>\n","protected":false},"excerpt":{"rendered":"","protected":false},"author":2,"featured_media":2123,"comment_status":"closed","ping_status":"open","sticky":false,"template":"","format":"standard","meta":{"footnotes":""},"categories":[31],"tags":[],"class_list":["post-2105","post","type-post","status-publish","format-standard","has-post-thumbnail","hentry","category-jipf"],"featured_image_src":"https:\/\/fbpf.org.br\/site\/wp-content\/uploads\/2021\/02\/jipf2020.jpg","author_info":{"display_name":"FBPF","author_link":"https:\/\/fbpf.org.br\/site\/author\/editor\/"},"_links":{"self":[{"href":"https:\/\/fbpf.org.br\/site\/wp-json\/wp\/v2\/posts\/2105","targetHints":{"allow":["GET"]}}],"collection":[{"href":"https:\/\/fbpf.org.br\/site\/wp-json\/wp\/v2\/posts"}],"about":[{"href":"https:\/\/fbpf.org.br\/site\/wp-json\/wp\/v2\/types\/post"}],"author":[{"embeddable":true,"href":"https:\/\/fbpf.org.br\/site\/wp-json\/wp\/v2\/users\/2"}],"replies":[{"embeddable":true,"href":"https:\/\/fbpf.org.br\/site\/wp-json\/wp\/v2\/comments?post=2105"}],"version-history":[{"count":2,"href":"https:\/\/fbpf.org.br\/site\/wp-json\/wp\/v2\/posts\/2105\/revisions"}],"predecessor-version":[{"id":2107,"href":"https:\/\/fbpf.org.br\/site\/wp-json\/wp\/v2\/posts\/2105\/revisions\/2107"}],"wp:featuredmedia":[{"embeddable":true,"href":"https:\/\/fbpf.org.br\/site\/wp-json\/wp\/v2\/media\/2123"}],"wp:attachment":[{"href":"https:\/\/fbpf.org.br\/site\/wp-json\/wp\/v2\/media?parent=2105"}],"wp:term":[{"taxonomy":"category","embeddable":true,"href":"https:\/\/fbpf.org.br\/site\/wp-json\/wp\/v2\/categories?post=2105"},{"taxonomy":"post_tag","embeddable":true,"href":"https:\/\/fbpf.org.br\/site\/wp-json\/wp\/v2\/tags?post=2105"}],"curies":[{"name":"wp","href":"https:\/\/api.w.org\/{rel}","templated":true}]}}