{"id":2336,"date":"2021-05-31T06:30:54","date_gmt":"2021-05-31T09:30:54","guid":{"rendered":"http:\/\/fbpf.org.br\/site\/?p=2336"},"modified":"2021-06-07T07:34:51","modified_gmt":"2021-06-07T10:34:51","slug":"conference-prof-maurice-tardif-jun2021","status":"publish","type":"post","link":"https:\/\/fbpf.org.br\/site\/apfs\/mato-grosso\/conference-prof-maurice-tardif-jun2021\/","title":{"rendered":"Conf\u00e9rence : UM REFERENCIAL DE COMPET\u00caNCIAS PARA A PROFISS\u00c3O DOCENTE &#8211; Prof. Maurice Tardif"},"content":{"rendered":"\n<p>Avec nos remerciements, nous vous prions d&#8217;agr\u00e9er, Cher(e)s Coll\u00e8gues,&nbsp;l&#8217;expression de nos cordiales salutations.<\/p>\n\n\n\n<p>La cha\u00eene FBPF Br\u00e9sil pr\u00e9sente la conf\u00e9rence en direct de M. Maurice Tardif, de l&#8217;Universit\u00e9 de Montr\u00e9al et Directeur du CRIFPE- Centre Interuniversitaire sur la Formation et la Profession enseignante en partenariat avec &nbsp;l&#8217;UFMT et l&#8217;antenne Crifpe Br\u00e9sil&nbsp;<br>Quand : le 31 mai \u00e0 14h30 (heure de Bras\u00edlia)<br>O\u00f9 : sur la cha\u00eene Youtube de la FBPF: <a rel=\"noreferrer noopener\" href=\"https:\/\/youtu.be\/TrdsFQ-s1oQ\" target=\"_blank\"><strong>https:\/\/youtu.be\/TrdsFQ-s1oQ<\/strong><\/a><\/p>\n\n\n\n<figure class=\"wp-block-image size-large\"><img loading=\"lazy\" decoding=\"async\" width=\"1024\" height=\"1024\" src=\"https:\/\/fbpf.org.br\/site\/wp-content\/uploads\/2021\/05\/conference_tardif_jun2021-1024x1024.png\" alt=\"\" class=\"wp-image-2343\" srcset=\"https:\/\/fbpf.org.br\/site\/wp-content\/uploads\/2021\/05\/conference_tardif_jun2021-1024x1024.png 1024w, https:\/\/fbpf.org.br\/site\/wp-content\/uploads\/2021\/05\/conference_tardif_jun2021-300x300.png 300w, https:\/\/fbpf.org.br\/site\/wp-content\/uploads\/2021\/05\/conference_tardif_jun2021-150x150.png 150w, https:\/\/fbpf.org.br\/site\/wp-content\/uploads\/2021\/05\/conference_tardif_jun2021-768x768.png 768w, https:\/\/fbpf.org.br\/site\/wp-content\/uploads\/2021\/05\/conference_tardif_jun2021-640x640.png 640w, https:\/\/fbpf.org.br\/site\/wp-content\/uploads\/2021\/05\/conference_tardif_jun2021.png 1080w\" sizes=\"auto, (max-width: 1024px) 100vw, 1024px\" \/><\/figure>\n","protected":false},"excerpt":{"rendered":"<p>Avec nos remerciements, nous vous prions d&#8217;agr\u00e9er, Cher(e)s Coll\u00e8gues,&nbsp;l&#8217;expression de nos cordiales salutations. La cha\u00eene FBPF Br\u00e9sil pr\u00e9sente la conf\u00e9rence en direct de M. Maurice Tardif, de l&#8217;Universit\u00e9 de Montr\u00e9al et Directeur du CRIFPE- Centre Interuniversitaire sur la Formation et la Profession enseignante en partenariat avec &nbsp;l&#8217;UFMT et l&#8217;antenne Crifpe Br\u00e9sil&nbsp;Quand : le 31 mai<\/p>\n<p class=\"more-link-wrapper\"><a href=\"https:\/\/fbpf.org.br\/site\/apfs\/mato-grosso\/conference-prof-maurice-tardif-jun2021\/\" class=\"more-link\">Continue de lire<span class=\"screen-reader-text\"> &#8220;Conf\u00e9rence : UM REFERENCIAL DE COMPET\u00caNCIAS PARA A PROFISS\u00c3O DOCENTE &#8211; Prof. Maurice Tardif&#8221;<\/span><\/a><\/p>\n","protected":false},"author":2,"featured_media":2341,"comment_status":"closed","ping_status":"open","sticky":false,"template":"","format":"standard","meta":{"footnotes":""},"categories":[32],"tags":[],"class_list":["post-2336","post","type-post","status-publish","format-standard","has-post-thumbnail","hentry","category-mato-grosso"],"featured_image_src":"https:\/\/fbpf.org.br\/site\/wp-content\/uploads\/2021\/05\/conference_maurice_tardif_jun2021-2.png","author_info":{"display_name":"FBPF","author_link":"https:\/\/fbpf.org.br\/site\/author\/editor\/"},"_links":{"self":[{"href":"https:\/\/fbpf.org.br\/site\/wp-json\/wp\/v2\/posts\/2336","targetHints":{"allow":["GET"]}}],"collection":[{"href":"https:\/\/fbpf.org.br\/site\/wp-json\/wp\/v2\/posts"}],"about":[{"href":"https:\/\/fbpf.org.br\/site\/wp-json\/wp\/v2\/types\/post"}],"author":[{"embeddable":true,"href":"https:\/\/fbpf.org.br\/site\/wp-json\/wp\/v2\/users\/2"}],"replies":[{"embeddable":true,"href":"https:\/\/fbpf.org.br\/site\/wp-json\/wp\/v2\/comments?post=2336"}],"version-history":[{"count":3,"href":"https:\/\/fbpf.org.br\/site\/wp-json\/wp\/v2\/posts\/2336\/revisions"}],"predecessor-version":[{"id":2344,"href":"https:\/\/fbpf.org.br\/site\/wp-json\/wp\/v2\/posts\/2336\/revisions\/2344"}],"wp:featuredmedia":[{"embeddable":true,"href":"https:\/\/fbpf.org.br\/site\/wp-json\/wp\/v2\/media\/2341"}],"wp:attachment":[{"href":"https:\/\/fbpf.org.br\/site\/wp-json\/wp\/v2\/media?parent=2336"}],"wp:term":[{"taxonomy":"category","embeddable":true,"href":"https:\/\/fbpf.org.br\/site\/wp-json\/wp\/v2\/categories?post=2336"},{"taxonomy":"post_tag","embeddable":true,"href":"https:\/\/fbpf.org.br\/site\/wp-json\/wp\/v2\/tags?post=2336"}],"curies":[{"name":"wp","href":"https:\/\/api.w.org\/{rel}","templated":true}]}}