{"id":2659,"date":"2021-11-05T15:43:03","date_gmt":"2021-11-05T18:43:03","guid":{"rendered":"http:\/\/fbpf.org.br\/site\/?p=2659"},"modified":"2021-11-06T07:19:00","modified_gmt":"2021-11-06T10:19:00","slug":"webinaire-lenseignement-du-francais-et-les-reseaux-sociaux-quest-ce-qui-nous-attend","status":"publish","type":"post","link":"https:\/\/fbpf.org.br\/site\/apfs\/santa-catarina\/webinaire-lenseignement-du-francais-et-les-reseaux-sociaux-quest-ce-qui-nous-attend\/","title":{"rendered":"Webinaire L&#8217;enseignement du fran\u00e7ais et les r\u00e9seaux sociaux, qu&#8217;est-ce qui nous attend"},"content":{"rendered":"\n<p>Aujourd&#8217;hui,&nbsp;<strong>5\/11\/2021 \u00e0 19h<\/strong>&nbsp;(heure de Bras\u00edlia) aura lieu le webinaire&nbsp;&#8220;L&#8217;enseignement du fran\u00e7ais et les r\u00e9seaux sociaux, qu&#8217;est-ce qui nous attend&#8221;, qui sera pr\u00e9sent\u00e9 par Camila Mattos Baptista, de l&#8217;Universit\u00e9 f\u00e9d\u00e9rale de Santa Catarina.&nbsp;<\/p>\n\n\n\n<p><strong>Voici le lien Google Meet pour y participer: <\/strong><a rel=\"noreferrer noopener\" href=\"https:\/\/meet.google.com\/wso-jpbu-erx\" target=\"_blank\">https:\/\/meet.google.com\/wso-jpbu-erx<\/a><\/p>\n\n\n\n<p>C&#8217;est gratuit et ouvert \u00e0 tous \/ toutes&nbsp;! En plus, les associ\u00e9.e.s des associations de professeurs de fran\u00e7ais recevront un certificat de participation.&nbsp;<\/p>\n\n\n\n<p>Venez nombreux !<br>\u00c0 bient\u00f4t !<\/p>\n","protected":false},"excerpt":{"rendered":"<p>Aujourd&#8217;hui,&nbsp;5\/11\/2021 \u00e0 19h&nbsp;(heure de Bras\u00edlia) aura lieu le webinaire&nbsp;&#8220;L&#8217;enseignement du fran\u00e7ais et les r\u00e9seaux sociaux, qu&#8217;est-ce qui nous attend&#8221;, qui sera pr\u00e9sent\u00e9 par Camila Mattos Baptista, de l&#8217;Universit\u00e9 f\u00e9d\u00e9rale de Santa Catarina.&nbsp; Voici le lien Google Meet pour y participer: https:\/\/meet.google.com\/wso-jpbu-erx C&#8217;est gratuit et ouvert \u00e0 tous \/ toutes&nbsp;! En plus, les associ\u00e9.e.s des associations<\/p>\n<p class=\"more-link-wrapper\"><a href=\"https:\/\/fbpf.org.br\/site\/apfs\/santa-catarina\/webinaire-lenseignement-du-francais-et-les-reseaux-sociaux-quest-ce-qui-nous-attend\/\" class=\"more-link\">Continue de lire<span class=\"screen-reader-text\"> &#8220;Webinaire L&#8217;enseignement du fran\u00e7ais et les r\u00e9seaux sociaux, qu&#8217;est-ce qui nous attend&#8221;<\/span><\/a><\/p>\n","protected":false},"author":2,"featured_media":2660,"comment_status":"closed","ping_status":"open","sticky":false,"template":"","format":"standard","meta":{"footnotes":""},"categories":[27],"tags":[],"class_list":["post-2659","post","type-post","status-publish","format-standard","has-post-thumbnail","hentry","category-santa-catarina"],"featured_image_src":"https:\/\/fbpf.org.br\/site\/wp-content\/uploads\/2021\/11\/image-1.png","author_info":{"display_name":"FBPF","author_link":"https:\/\/fbpf.org.br\/site\/author\/editor\/"},"_links":{"self":[{"href":"https:\/\/fbpf.org.br\/site\/wp-json\/wp\/v2\/posts\/2659","targetHints":{"allow":["GET"]}}],"collection":[{"href":"https:\/\/fbpf.org.br\/site\/wp-json\/wp\/v2\/posts"}],"about":[{"href":"https:\/\/fbpf.org.br\/site\/wp-json\/wp\/v2\/types\/post"}],"author":[{"embeddable":true,"href":"https:\/\/fbpf.org.br\/site\/wp-json\/wp\/v2\/users\/2"}],"replies":[{"embeddable":true,"href":"https:\/\/fbpf.org.br\/site\/wp-json\/wp\/v2\/comments?post=2659"}],"version-history":[{"count":3,"href":"https:\/\/fbpf.org.br\/site\/wp-json\/wp\/v2\/posts\/2659\/revisions"}],"predecessor-version":[{"id":2663,"href":"https:\/\/fbpf.org.br\/site\/wp-json\/wp\/v2\/posts\/2659\/revisions\/2663"}],"wp:featuredmedia":[{"embeddable":true,"href":"https:\/\/fbpf.org.br\/site\/wp-json\/wp\/v2\/media\/2660"}],"wp:attachment":[{"href":"https:\/\/fbpf.org.br\/site\/wp-json\/wp\/v2\/media?parent=2659"}],"wp:term":[{"taxonomy":"category","embeddable":true,"href":"https:\/\/fbpf.org.br\/site\/wp-json\/wp\/v2\/categories?post=2659"},{"taxonomy":"post_tag","embeddable":true,"href":"https:\/\/fbpf.org.br\/site\/wp-json\/wp\/v2\/tags?post=2659"}],"curies":[{"name":"wp","href":"https:\/\/api.w.org\/{rel}","templated":true}]}}