{"id":2678,"date":"2021-11-17T07:00:53","date_gmt":"2021-11-17T10:00:53","guid":{"rendered":"http:\/\/fbpf.org.br\/site\/?p=2678"},"modified":"2021-11-17T07:11:25","modified_gmt":"2021-11-17T10:11:25","slug":"ateliers-gratuits-celebrez-le-jour-du-prof-de-francais","status":"publish","type":"post","link":"https:\/\/fbpf.org.br\/site\/jipf\/ateliers-gratuits-celebrez-le-jour-du-prof-de-francais\/","title":{"rendered":"Ateliers gratuits! C\u00e9l\u00e9brez le Jour du prof de fran\u00e7ais!"},"content":{"rendered":"\n<h3 class=\"wp-block-heading\"><strong>Le 25 novembre c&#8217;est le Jour du prof de fran\u00e7ais!<\/strong><\/h3>\n\n\n\n<p>Ch\u00e8res enseignantes et chers enseignants des Am\u00e9riques,<\/p>\n\n\n\n<p>Dans le cadre de la Journ\u00e9e internationale des professeurs de fran\u00e7ais et pour souligner l&#8217;importance que les enseignantes et enseignants ont dans la transmission et la valorisation du fran\u00e7ais, le Centre est heureux d&#8217;offrir deux ateliers p\u00e9dagogiques en direct et gratuit!<\/p>\n\n\n\n<figure class=\"wp-block-gallery columns-2 is-cropped wp-block-gallery-1 is-layout-flex wp-block-gallery-is-layout-flex\"><ul class=\"blocks-gallery-grid\"><li class=\"blocks-gallery-item\"><figure><img loading=\"lazy\" decoding=\"async\" width=\"516\" height=\"520\" src=\"https:\/\/fbpf.org.br\/site\/wp-content\/uploads\/2021\/11\/webinaires2_jourduprof2021.jpg\" alt=\"\" data-id=\"2681\" data-link=\"https:\/\/fbpf.org.br\/site\/?attachment_id=2681\" class=\"wp-image-2681\" srcset=\"https:\/\/fbpf.org.br\/site\/wp-content\/uploads\/2021\/11\/webinaires2_jourduprof2021.jpg 516w, https:\/\/fbpf.org.br\/site\/wp-content\/uploads\/2021\/11\/webinaires2_jourduprof2021-298x300.jpg 298w, https:\/\/fbpf.org.br\/site\/wp-content\/uploads\/2021\/11\/webinaires2_jourduprof2021-150x150.jpg 150w\" sizes=\"auto, (max-width: 516px) 100vw, 516px\" \/><\/figure><\/li><li class=\"blocks-gallery-item\"><figure><img loading=\"lazy\" decoding=\"async\" width=\"516\" height=\"520\" src=\"https:\/\/fbpf.org.br\/site\/wp-content\/uploads\/2021\/11\/webinaires_jourduprof2021.jpg\" alt=\"\" data-id=\"2680\" data-link=\"https:\/\/fbpf.org.br\/site\/?attachment_id=2680\" class=\"wp-image-2680\" srcset=\"https:\/\/fbpf.org.br\/site\/wp-content\/uploads\/2021\/11\/webinaires_jourduprof2021.jpg 516w, https:\/\/fbpf.org.br\/site\/wp-content\/uploads\/2021\/11\/webinaires_jourduprof2021-298x300.jpg 298w, https:\/\/fbpf.org.br\/site\/wp-content\/uploads\/2021\/11\/webinaires_jourduprof2021-150x150.jpg 150w\" sizes=\"auto, (max-width: 516px) 100vw, 516px\" \/><\/figure><\/li><\/ul><figcaption class=\"blocks-gallery-caption\"><strong>\u00c0 13 h (HNE), assistez \u00e0 l&#8217;atelier d&#8217;\u00e9criture!<\/strong><br>Lors de cet atelier pr\u00e9sent\u00e9 par&nbsp;<strong>Yao<\/strong>&nbsp;(Ontario, Canada), slameur, com\u00e9dien et animateur,&nbsp;vous apprendrez&nbsp;qu\u2019enseigner la po\u00e9sie de fa\u00e7on dynamique est possible gr\u00e2ce au slam! Participez \u00e0 cette activit\u00e9 cr\u00e9ative en fran\u00e7ais pour composer de la po\u00e9sie de mani\u00e8re stimulante avec un artiste captivant qui s\u2019est largement distingu\u00e9 sur la sc\u00e8ne canadienne et internationale!<br><br><strong>\u00c0 17 h (HNE), assistez \u00e0 l&#8217;atelier p\u00e9dagogique!<\/strong><br>La communication orale et la r\u00e9flexion autour de la s\u00e9curit\u00e9 linguistique dans un cadre scolaire vous int\u00e9ressent? D\u00e9couvrez l&#8217;<em>approche sans reproche<\/em>&nbsp;avec <strong>Carole Freynet-Gagn\u00e9<\/strong> (Manitoba, Canada), experte-conseil en p\u00e9dagogie, formatrice, et vice-pr\u00e9sidente du conseil d\u2019administration du Centre, et<strong>&nbsp;Natalie Labossi\u00e8re<\/strong> (Territoire du Nord-Ouest, Canada),&nbsp;consultante p\u00e9dagogique&nbsp;et&nbsp;sc\u00e9nariste et marionnettiste des capsules \u00e9ducatives de <em>Paul et Suzanne.<\/em><\/figcaption><\/figure>\n\n\n\n<div style=\"height:21px\" aria-hidden=\"true\" class=\"wp-block-spacer\"><\/div>\n\n\n\n<div class=\"wp-block-buttons is-layout-flex wp-block-buttons-is-layout-flex\">\n<div class=\"wp-block-button is-style-fill\"><a class=\"wp-block-button__link has-luminous-vivid-amber-background-color has-background\" href=\"https:\/\/francophoniedesameriques.com\/vos-services\/projets\/jour-du-prof-de-francais\" style=\"border-radius:5px\" target=\"_blank\" rel=\"noreferrer noopener\"><strong>Inscrivez-vous<\/strong><\/a><\/div>\n<\/div>\n\n\n\n<div class=\"wp-block-image\"><figure class=\"aligncenter size-full is-resized\"><img loading=\"lazy\" decoding=\"async\" src=\"https:\/\/fbpf.org.br\/site\/wp-content\/uploads\/2021\/11\/entete_infolettre.png\" alt=\"\" class=\"wp-image-2682\" width=\"737\" height=\"221\" srcset=\"https:\/\/fbpf.org.br\/site\/wp-content\/uploads\/2021\/11\/entete_infolettre.png 570w, https:\/\/fbpf.org.br\/site\/wp-content\/uploads\/2021\/11\/entete_infolettre-300x90.png 300w\" sizes=\"auto, (max-width: 737px) 100vw, 737px\" \/><\/figure><\/div>\n\n\n\n<p><\/p>\n","protected":false},"excerpt":{"rendered":"<p>Le 25 novembre c&#8217;est le Jour du prof de fran\u00e7ais! Ch\u00e8res enseignantes et chers enseignants des Am\u00e9riques, Dans le cadre de la Journ\u00e9e internationale des professeurs de fran\u00e7ais et pour souligner l&#8217;importance que les enseignantes et enseignants ont dans la transmission et la valorisation du fran\u00e7ais, le Centre est heureux d&#8217;offrir deux ateliers p\u00e9dagogiques en<\/p>\n<p class=\"more-link-wrapper\"><a href=\"https:\/\/fbpf.org.br\/site\/jipf\/ateliers-gratuits-celebrez-le-jour-du-prof-de-francais\/\" class=\"more-link\">Continue de lire<span class=\"screen-reader-text\"> &#8220;Ateliers gratuits! C\u00e9l\u00e9brez le Jour du prof de fran\u00e7ais!&#8221;<\/span><\/a><\/p>\n","protected":false},"author":2,"featured_media":2679,"comment_status":"closed","ping_status":"open","sticky":false,"template":"","format":"standard","meta":{"footnotes":""},"categories":[31],"tags":[],"class_list":["post-2678","post","type-post","status-publish","format-standard","has-post-thumbnail","hentry","category-jipf"],"featured_image_src":"https:\/\/fbpf.org.br\/site\/wp-content\/uploads\/2021\/11\/horiz_webinaires_jourduprof2021.jpg","author_info":{"display_name":"FBPF","author_link":"https:\/\/fbpf.org.br\/site\/author\/editor\/"},"_links":{"self":[{"href":"https:\/\/fbpf.org.br\/site\/wp-json\/wp\/v2\/posts\/2678","targetHints":{"allow":["GET"]}}],"collection":[{"href":"https:\/\/fbpf.org.br\/site\/wp-json\/wp\/v2\/posts"}],"about":[{"href":"https:\/\/fbpf.org.br\/site\/wp-json\/wp\/v2\/types\/post"}],"author":[{"embeddable":true,"href":"https:\/\/fbpf.org.br\/site\/wp-json\/wp\/v2\/users\/2"}],"replies":[{"embeddable":true,"href":"https:\/\/fbpf.org.br\/site\/wp-json\/wp\/v2\/comments?post=2678"}],"version-history":[{"count":4,"href":"https:\/\/fbpf.org.br\/site\/wp-json\/wp\/v2\/posts\/2678\/revisions"}],"predecessor-version":[{"id":2688,"href":"https:\/\/fbpf.org.br\/site\/wp-json\/wp\/v2\/posts\/2678\/revisions\/2688"}],"wp:featuredmedia":[{"embeddable":true,"href":"https:\/\/fbpf.org.br\/site\/wp-json\/wp\/v2\/media\/2679"}],"wp:attachment":[{"href":"https:\/\/fbpf.org.br\/site\/wp-json\/wp\/v2\/media?parent=2678"}],"wp:term":[{"taxonomy":"category","embeddable":true,"href":"https:\/\/fbpf.org.br\/site\/wp-json\/wp\/v2\/categories?post=2678"},{"taxonomy":"post_tag","embeddable":true,"href":"https:\/\/fbpf.org.br\/site\/wp-json\/wp\/v2\/tags?post=2678"}],"curies":[{"name":"wp","href":"https:\/\/api.w.org\/{rel}","templated":true}]}}