{"id":3312,"date":"2022-11-23T06:55:49","date_gmt":"2022-11-23T09:55:49","guid":{"rendered":"http:\/\/fbpf.org.br\/site\/?p=3312"},"modified":"2023-04-06T20:46:51","modified_gmt":"2023-04-06T23:46:51","slug":"jipf-2022-fbpf-au-bresil","status":"publish","type":"post","link":"https:\/\/fbpf.org.br\/site\/jipf\/jipf-2022-fbpf-au-bresil\/","title":{"rendered":"JIPF 2022 FBPF au Br\u00e9sil"},"content":{"rendered":"\n<figure class=\"wp-block-table is-style-stripes has-small-font-size\"><table class=\"has-white-background-color has-background\"><thead><tr><th>DATE<\/th><th>HORAIRE<\/th><th>INSTITUTION<\/th><th>TITRE<\/th><th>LIEN DE PARTIPATION<\/th><\/tr><\/thead><tbody><tr><td>16\/11<\/td><td>10h<\/td><td>APFPB<\/td><td>Table-ronde : L\u2019insertion professionnelle<br>du jeune professeur de fran\u00e7ais au Nord<br>Est du r\u00e9sil : exp\u00e9riences et perspectives<\/td><td><a href=\"https:\/\/www.youtube.com\/watch?v=WfNzKMZEKiM\" target=\"_blank\" rel=\"noreferrer noopener\">https:\/\/www.youtube.com\/watch?v=WfNzKMZEKiM<\/a><\/td><\/tr><tr><td>16\/11<\/td><td>14h<\/td><td>APFPB<\/td><td>\u00ab Il \u00e9tait une fois&#8230; \u00bb : atelier de r\u00e9citation de<br>textes litt\u00e9raires<\/td><td>En pr\u00e9sentiel : UFCG<\/td><\/tr><tr><td>16\/11<\/td><td>16h<\/td><td>APFPB<\/td><td>Activit\u00e9s culturelles : po\u00e9sie, th\u00e9\u00e2tre,<br>chanson, dance&#8230;<\/td><td>En pr\u00e9sentiel : UFCG<\/td><\/tr><tr><td>19\/11<\/td><td>8h30<\/td><td>AFRASE<\/td><td>Homenagem a professores de franc\u00eas<br>aposentados ; recital de poemas ; sorteio de<br>livros ; pause-caf\u00e9 ; karaok\u00ea franc\u00f3fono<\/td><td>En pr\u00e9sentiel : Alian\u00e7a Francesa<\/td><\/tr><tr><td>24\/11<\/td><td>19h<\/td><td>AFRASE<\/td><td>Estudos na Fran\u00e7a \/ Campus France ; Mesa<br>redonda : \u00ab Le professeur de fran\u00e7ais,<br>cr\u00e9ateur d\u2019avenir \u00bb ; sorteio de livros.<\/td><td>En pr\u00e9sentiel : UFS \u2013 audit\u00f3rio de letras<\/td><\/tr><tr><td>21\/11<\/td><td>16h<\/td><td>APFDF<\/td><td>Lancement des clips vid\u00e9o de l&#8217;album La vie<br>en route ; conversation avec les auteurs ;<br>d\u00e9clamation de po\u00e8mes.<\/td><td>En pr\u00e9sentiel : auditorium Fran\u00e7oise-Vali\u00e8re de<br>l&#8217;Alliance Fran\u00e7aise de Brasilia.<\/td><\/tr><tr><td>22\/11<\/td><td>12h30<\/td><td>APFMG<\/td><td>Formation : Travailler l\u2019expression<br>citoyenne en classe de FLE<\/td><td><a href=\"https:\/\/urlz.fr\/jKJu\" target=\"_blank\" rel=\"noreferrer noopener\">https:\/\/urlz.fr\/jKJu<\/a><\/td><\/tr><tr><td>23\/11<\/td><td>&#8211;<\/td><td>APFESP<\/td><td>Appel \u00e0 t\u00e9moignages : Divulga\u00e7\u00e3o de v\u00eddeo<br>com depoimentos de ex-alunos\/as ou<br>alunos\/as atuais de franc\u00eas, para os quais<br>o\/a professor\/a de franc\u00eas fez diferen\u00e7a na<br>sua vida profissional, pessoal ou nos<br>estudos.<\/td><td><a href=\"https:\/\/instagram.com\/usp.oficial?igshid=NDk5N2NlZj Q=\" target=\"_blank\" rel=\"noreferrer noopener\">https:\/\/instagram.com\/usp.oficial?igshid=NDk5N2NlZj<br>Q=<\/a><\/td><\/tr><tr><td>25\/11<\/td><td>10h<\/td><td>APFESP<\/td><td>Mesa-redonda \u00ab Pol\u00edticas lingu\u00edsticas e<br>multilinguismo : desafios e oportunidades<\/td><td>En pr\u00e9sentiel : Audit\u00f3rio da INOVA (USP)<\/td><\/tr><tr><td>23\/11<\/td><td>19h<\/td><td>APFSC<\/td><td>Live \u00ab Oiapoque \u2013 ville \u00e0 la fronti\u00e8re avec la<br>Guyane Fran\u00e7aise \u00bb<\/td><td><a href=\"https:\/\/www.youtube.com\/watch?v=d825t_pXhak\" target=\"_blank\" rel=\"noreferrer noopener\">https:\/\/www.youtube.com\/watch?v=d825t_pXhak<\/a><\/td><\/tr><tr><td>28\/11<\/td><td>13h<\/td><td>APFSC<\/td><td>Live \u00ab Franc\u00eas &amp; outras l\u00ednguas rom\u00e2nicas :<br>um olhar multicultural para a aprendizagem de l\u00edngua estrangeira na<br>inf\u00e2ncia \u00bb<\/td><td><a href=\"https:\/\/www.youtube.com\/watch?v=qrzAVH9O37k\" target=\"_blank\" rel=\"noreferrer noopener\">https:\/\/www.youtube.com\/watch?v=qrzAVH9O37k<\/a><\/td><\/tr><\/tbody><\/table><\/figure>\n\n\n\n<figure class=\"wp-block-table is-style-stripes has-small-font-size\"><table><thead><tr><th>DATE<\/th><th>HORAIRE<\/th><th>INSTITUTION<\/th><th>TITRE<\/th><th>LIEN DE PARTIPATION<\/th><\/tr><\/thead><tbody><tr><td>30\/11<\/td><td>19h<\/td><td>APFSC<\/td><td>Live \u00ab Intercompreens\u00e3o : apreender<br>apprendre \u00bb<\/td><td><a href=\"https:\/\/www.youtube.com\/watch?v=21q0GyxY1gk\" target=\"_blank\" rel=\"noreferrer noopener\">https:\/\/www.youtube.com\/watch?v=21q0GyxY1gk<\/a><\/td><\/tr><tr><td>24\/11<\/td><td>14h<\/td><td>APFRS<\/td><td>Table Ronde \u2013 Nos exp\u00e9riences : comment<br>g\u00e9rer les cours<\/td><td><a href=\"https:\/\/forms.gle\/2PUb2iyUrJvMxdas7\" target=\"_blank\" rel=\"noreferrer noopener\">https:\/\/forms.gle\/2PUb2iyUrJvMxdas7<\/a><\/td><\/tr><tr><td>24\/11<\/td><td>18h<\/td><td>APFPR \u2013 APFRS<\/td><td>Atelier d\u2019\u00e9criture po\u00e9tique<\/td><td><a href=\"https:\/\/forms.gle\/2PUb2iyUrJvMxdas7\" target=\"_blank\" rel=\"noreferrer noopener\">https:\/\/forms.gle\/2PUb2iyUrJvMxdas7<\/a><\/td><\/tr><tr><td>25\/11<\/td><td>14h30<\/td><td>APFPR<\/td><td>Atelier RFI<\/td><td><a href=\"https:\/\/forms.gle\/2PUb2iyUrJvMxdas7\" target=\"_blank\" rel=\"noreferrer noopener\">https:\/\/forms.gle\/2PUb2iyUrJvMxdas7<\/a><\/td><\/tr><tr><td>25\/11<\/td><td>17h<\/td><td>APFPR \u2013 APFRS<\/td><td>Table Ronde : Re-devenir prof-pr\u00e9sentiel<br>en 2022<\/td><td><a href=\"https:\/\/forms.gle\/2PUb2iyUrJvMxdas7\" target=\"_blank\" rel=\"noreferrer noopener\">https:\/\/forms.gle\/2PUb2iyUrJvMxdas7<\/a><\/td><\/tr><tr><td>24\/11<\/td><td>19h<\/td><td>APROFAP<\/td><td>La sortie de la vid\u00e9o : En avant, APROFAP:<br>en train de construire le pr\u00e9sent pour<br>inspirer l&#8217;avenir \u00bb. E jantar de lancamento<br>do v\u00eddeo.<\/td><td>(217) APROFAP &#8211; Associa\u00e7\u00e3o dos Professores de Franc\u00eas<br>&#8211; YouTube<\/td><\/tr><tr><td>24\/11<\/td><td>9h30<\/td><td>APFPE<\/td><td>Formation \u00ab De la classe invers\u00e9e \u00e0 la RFI :<br>centrer davantage l\u2019apprentissage sur<br>l\u2019\u00e9l\u00e8ve \u00bb et d\u00e9jeuner.<\/td><td>En pr\u00e9sentiel : Alliance Fran\u00e7aise Recife<br>Inscription : <a href=\"https:\/\/forms.gle\/4cWdnu5Q6Q8nzi8\" target=\"_blank\" rel=\"noreferrer noopener\">https:\/\/forms.gle\/4cWdnu5Q6Q8nzi8<\/a><\/td><\/tr><tr><td>25\/11<\/td><td>17h<\/td><td>APFCE<\/td><td>Table de conversation \u00ab Le professeur de<br>fran\u00e7ais, cr\u00e9ateur d\u2019avenir \u00bb avec Ticiana<br>Melo et Anthony Paredes ; des chansons<br>fran\u00e7aises interpr\u00e9t\u00e9es par Robson de<br>Oliveira et M\u00e9lina Bercher ; et un cocktail<\/td><td>En pr\u00e9sentiel : l\u2019Alliance Fran\u00e7aise de Fortaleza<\/td><\/tr><tr><td>24\/11<\/td><td>&#8211;<\/td><td>APFERJ<\/td><td>Lancement de vid\u00e9o-reportage sur Youtube<br>et Instagram<\/td><td><a href=\"https:\/\/youtube.com\/c\/APFERJ\" target=\"_blank\" rel=\"noreferrer noopener\">https:\/\/youtube.com\/c\/APFERJ<\/a><br><a href=\"https:\/\/instagram.com\/apferjoficial?igshid=YmMyMTA 2M2Y=\" target=\"_blank\" rel=\"noreferrer noopener\">https:\/\/instagram.com\/apferjoficial?igshid=YmMyMTA<br>2M2Y=<\/a><\/td><\/tr><tr><td>25\/11<\/td><td>17h<\/td><td>APFERJ<\/td><td>Soir\u00e9e conviviale : litt\u00e9rature, musique et<br>cocktail<\/td><td>En pr\u00e9sentiel : Biblimaison (r\u00e9serv\u00e9e aux associ\u00e9s)<\/td><\/tr><tr><td>26\/11<\/td><td>14h<\/td><td>APFES<\/td><td>Experi\u00eancia na Guiana Francesa com<br>Caroline Dias<\/td><td>En pr\u00e9sentiel : Academia Esp\u00edrito Santense de Letras,<br>Vit\u00f3ria-ES<\/td><\/tr><tr><td>26\/11<\/td><td>14h<\/td><td>APFEMS<\/td><td>Le t\u00e9l\u00e9phone portable en classe de FLE :<br>Atelier 1 : anim\u00e9 par Izaura Rech<br>Atelier 2 : anim\u00e9 par Max Brazuna<\/td><td><a href=\"https:\/\/forms.gle\/9PGSfstKEcwcdSEKA\" target=\"_blank\" rel=\"noreferrer noopener\">https:\/\/forms.gle\/9PGSfstKEcwcdSEKA<\/a><\/td><\/tr><tr><td>29\/11<\/td><td>17h<\/td><td>AAPF<\/td><td>Soir\u00e9e \u00e0 Paris : une nuit \u00e9toil\u00e9e<\/td><td>En pr\u00e9sentiel : Hall da FALE &#8211; UFAL<\/td><\/tr><\/tbody><\/table><figcaption class=\"wp-element-caption\">Source : Tableau pr\u00e9par\u00e9 par l\u2019\u00e9quipe de communication de la JIPF (2022)<\/figcaption><\/figure>\n\n\n\n<div class=\"wp-block-buttons is-layout-flex wp-block-buttons-is-layout-flex\">\n<div class=\"wp-block-button\"><a class=\"wp-block-button__link wp-element-button\" href=\"http:\/\/fbpf.org.br\/arquivos\/Programmation_JIPF_2022.pdf\" target=\"_blank\" rel=\"noreferrer noopener\"><img loading=\"lazy\" decoding=\"async\" width=\"20\" height=\"28\" class=\"wp-image-2542\" style=\"width: 20px;\" src=\"https:\/\/fbpf.org.br\/site\/wp-content\/uploads\/2021\/09\/pdf-icon2.png\" alt=\"Abra em PDF\"> Programme Complet JIPF 2022 FBPF au Br\u00e9sil<\/a><\/div>\n<\/div>\n","protected":false},"excerpt":{"rendered":"<p>Programme Complet JIPF 2022 FBPF au Br\u00e9sil, du 21 au 30 novembre<\/p>\n","protected":false},"author":2,"featured_media":3326,"comment_status":"closed","ping_status":"open","sticky":false,"template":"","format":"standard","meta":{"footnotes":""},"categories":[31],"tags":[],"class_list":["post-3312","post","type-post","status-publish","format-standard","has-post-thumbnail","hentry","category-jipf"],"featured_image_src":"https:\/\/fbpf.org.br\/site\/wp-content\/uploads\/2022\/11\/JIPF2022.png","author_info":{"display_name":"FBPF","author_link":"https:\/\/fbpf.org.br\/site\/author\/editor\/"},"_links":{"self":[{"href":"https:\/\/fbpf.org.br\/site\/wp-json\/wp\/v2\/posts\/3312","targetHints":{"allow":["GET"]}}],"collection":[{"href":"https:\/\/fbpf.org.br\/site\/wp-json\/wp\/v2\/posts"}],"about":[{"href":"https:\/\/fbpf.org.br\/site\/wp-json\/wp\/v2\/types\/post"}],"author":[{"embeddable":true,"href":"https:\/\/fbpf.org.br\/site\/wp-json\/wp\/v2\/users\/2"}],"replies":[{"embeddable":true,"href":"https:\/\/fbpf.org.br\/site\/wp-json\/wp\/v2\/comments?post=3312"}],"version-history":[{"count":12,"href":"https:\/\/fbpf.org.br\/site\/wp-json\/wp\/v2\/posts\/3312\/revisions"}],"predecessor-version":[{"id":3437,"href":"https:\/\/fbpf.org.br\/site\/wp-json\/wp\/v2\/posts\/3312\/revisions\/3437"}],"wp:featuredmedia":[{"embeddable":true,"href":"https:\/\/fbpf.org.br\/site\/wp-json\/wp\/v2\/media\/3326"}],"wp:attachment":[{"href":"https:\/\/fbpf.org.br\/site\/wp-json\/wp\/v2\/media?parent=3312"}],"wp:term":[{"taxonomy":"category","embeddable":true,"href":"https:\/\/fbpf.org.br\/site\/wp-json\/wp\/v2\/categories?post=3312"},{"taxonomy":"post_tag","embeddable":true,"href":"https:\/\/fbpf.org.br\/site\/wp-json\/wp\/v2\/tags?post=3312"}],"curies":[{"name":"wp","href":"https:\/\/api.w.org\/{rel}","templated":true}]}}