{"id":3599,"date":"2024-03-27T13:47:59","date_gmt":"2024-03-27T16:47:59","guid":{"rendered":"http:\/\/fbpf.org.br\/site\/?p=3599"},"modified":"2024-03-28T07:09:38","modified_gmt":"2024-03-28T10:09:38","slug":"convocacao-assembleia-geral-ordinaria-ago-01-jun-2024","status":"publish","type":"post","link":"https:\/\/fbpf.org.br\/site\/noticia\/convocacao-assembleia-geral-ordinaria-ago-01-jun-2024\/","title":{"rendered":"CONVOCA\u00c7\u00c3O ASSEMBLEIA GERAL ORDIN\u00c1RIA (AGO) &#8211; 01 jun 2024"},"content":{"rendered":"\n<h4 class=\"wp-block-heading has-text-align-center\"><strong>Bras\u00edlia, 27 de mar\u00e7o de 2024<\/strong><\/h4>\n\n\n\n<p>PEDRO ARMANDO DE ALMEIDA MAGALH\u00c3ES, representante legal da Federa\u00e7\u00e3o Brasileira dos Professores de Franc\u00eas \u2013 FBPF &#8211; inscrita no CNPJ 01.177.203\/0001-10, por meio deste edital <strong>CONVOCA <\/strong>as associa\u00e7\u00f5es membro da entidade, de acordo com Art. 5\u00ba do Estatuto aprovado em 20 de abril de 2018, com as devidas altera\u00e7\u00f5es ocorridas (outubro de 2018, setembro de 2019, 11 de dezembro de 2021) para Assembleia Geral Ordin\u00e1ria (AGO) de Elei\u00e7\u00e3o de nova diretoria, para mandato de dois anos, conforme Art. 6\u00ba do Estatuto em vigor. Essa AGO ser\u00e1 realizada no dia <strong>01\/06\/2024 <\/strong>\u00e0s 16h em 1\u00aa convoca\u00e7\u00e3o e \u00e0s 16h30 em 2\u00aa convoca\u00e7\u00e3o, online por meio da Plataforma ZOOM, cujo link ser\u00e1 enviado uma semana antes da AGO, para tratar da seguinte pauta:<\/p>\n\n\n\n<ol class=\"wp-block-list\">\n<li>&nbsp;Apresenta\u00e7\u00e3o do relat\u00f3rio de atividades da diretoria (2022\/2024) desenvolvido durante sua gest\u00e3o, de acordo com Art. 7\u00ba do Estatuto vigente;<\/li>\n\n\n\n<li>&nbsp;Apresenta\u00e7\u00e3o da(s) Chapa(s) inscritas para as Elei\u00e7\u00f5es e Plano de Inten\u00e7\u00e3o, com a(s) presen\u00e7a do(s) Presidente(s) da(s) Chapa(s), de acordo com Art. 7\u00ba do Estatuto vigente;<\/li>\n\n\n\n<li>&nbsp;Elei\u00e7\u00e3o e Posse de nova diretoria e conselheiros fiscais.<\/li>\n<\/ol>\n\n\n\n<p>A(s) Chapa(s) e Plano(s) de Inten\u00e7\u00e3o devem ser encaminhadas previamente ao email fbpf.secretaria@gmail.com <strong>entre os dias 27 de mar\u00e7o at\u00e9 27 de abril de 2024. <\/strong>A diretoria da FBPF, a partir do email da Secretaria da FBPF, se encarregar\u00e1 de comunicar \u00e0s Associa\u00e7\u00f5es membro da FBPF a(s) Chapa(s) inscrita(s) e seu(s) devido(s) Plano(s) de Inten\u00e7\u00e3o a partir do dia <strong>28 de abril de 2024<\/strong>, de acordo com Art. 7\u00ba do Estatuto em vigor. Outras formas de divulga\u00e7\u00e3o das Chapas inscritas e seus Planos de Inten\u00e7\u00e3o ser\u00e3o realizadas (site da FBPF e redes sociais). As candidaturas individuais ao Conselho Fiscal da entidade ser\u00e3o apresentadas no dia da AGO de elei\u00e7\u00e3o<strong>, em 01 de junho do corrente<\/strong>, quer presencialmente na AGO quer por meio de procura\u00e7\u00e3o simples pelo candidato\/a assinada. Somente as Associa\u00e7\u00f5es ativas que efetivaram a quita\u00e7\u00e3o da cotiza\u00e7\u00e3o anual referente ao ano de 2024 s\u00e3o aptas para votar nesta elei\u00e7\u00e3o de acordo com o estatuto da entidade.<\/p>\n\n\n\n<p class=\"has-text-align-right\">Pedro Armando de Almeida Magalh\u00e3es<br>Presidente da FBPF \u2013 Bureau 2022\/2024<br>Bras\u00edlia, 27 de mar\u00e7o de 2024.<\/p>\n\n\n\n<div class=\"wp-block-file\"><a id=\"wp-block-file--media-5fdd0dca-3f8d-4818-a114-9d540213409a\" href=\"https:\/\/fbpf.org.br\/site\/wp-content\/uploads\/2024\/03\/Convocacao_AGO01_06_2024.pdf\" target=\"_blank\" rel=\"noreferrer noopener\">Convocacao_AGO01_06_2024<\/a><a href=\"https:\/\/fbpf.org.br\/site\/wp-content\/uploads\/2024\/03\/Convocacao_AGO01_06_2024.pdf\" class=\"wp-block-file__button wp-element-button\" download aria-describedby=\"wp-block-file--media-5fdd0dca-3f8d-4818-a114-9d540213409a\">Baixar<\/a><\/div>\n","protected":false},"excerpt":{"rendered":"<p>Edital CONVOCA as associa\u00e7\u00f5es membro da entidade, de acordo com Art. 5\u00ba do Estatuto aprovado em 20 de abril de 2018, com as devidas altera\u00e7\u00f5es ocorridas (outubro de 2018, setembro de 2019, 11 de dezembro de 2021) para Assembleia Geral Ordin\u00e1ria (AGO) de Elei\u00e7\u00e3o de nova diretoria, para mandato de dois anos, conforme Art. 6\u00ba do Estatuto em vigor.<\/p>\n","protected":false},"author":2,"featured_media":0,"comment_status":"closed","ping_status":"open","sticky":false,"template":"","format":"standard","meta":{"footnotes":""},"categories":[13],"tags":[],"class_list":["post-3599","post","type-post","status-publish","format-standard","hentry","category-noticia"],"featured_image_src":null,"author_info":{"display_name":"FBPF","author_link":"https:\/\/fbpf.org.br\/site\/author\/editor\/"},"_links":{"self":[{"href":"https:\/\/fbpf.org.br\/site\/wp-json\/wp\/v2\/posts\/3599","targetHints":{"allow":["GET"]}}],"collection":[{"href":"https:\/\/fbpf.org.br\/site\/wp-json\/wp\/v2\/posts"}],"about":[{"href":"https:\/\/fbpf.org.br\/site\/wp-json\/wp\/v2\/types\/post"}],"author":[{"embeddable":true,"href":"https:\/\/fbpf.org.br\/site\/wp-json\/wp\/v2\/users\/2"}],"replies":[{"embeddable":true,"href":"https:\/\/fbpf.org.br\/site\/wp-json\/wp\/v2\/comments?post=3599"}],"version-history":[{"count":2,"href":"https:\/\/fbpf.org.br\/site\/wp-json\/wp\/v2\/posts\/3599\/revisions"}],"predecessor-version":[{"id":3603,"href":"https:\/\/fbpf.org.br\/site\/wp-json\/wp\/v2\/posts\/3599\/revisions\/3603"}],"wp:attachment":[{"href":"https:\/\/fbpf.org.br\/site\/wp-json\/wp\/v2\/media?parent=3599"}],"wp:term":[{"taxonomy":"category","embeddable":true,"href":"https:\/\/fbpf.org.br\/site\/wp-json\/wp\/v2\/categories?post=3599"},{"taxonomy":"post_tag","embeddable":true,"href":"https:\/\/fbpf.org.br\/site\/wp-json\/wp\/v2\/tags?post=3599"}],"curies":[{"name":"wp","href":"https:\/\/api.w.org\/{rel}","templated":true}]}}