{"id":3726,"date":"2026-09-01T06:53:21","date_gmt":"2026-09-01T09:53:21","guid":{"rendered":"https:\/\/fbpf.org.br\/site\/?p=3726"},"modified":"2026-09-01T12:09:49","modified_gmt":"2026-09-01T15:09:49","slug":"xxv-congres-bresilien-des-professeurs-de-francais","status":"publish","type":"post","link":"https:\/\/fbpf.org.br\/site\/apfs\/santa-catarina\/xxv-congres-bresilien-des-professeurs-de-francais\/","title":{"rendered":"XXV Congr\u00e8s Br\u00e9silien des Professeurs de Fran\u00e7ais"},"content":{"rendered":"<div class=\"wp-block-image\">\n<figure class=\"aligncenter size-full\"><img loading=\"lazy\" decoding=\"async\" width=\"705\" height=\"400\" src=\"https:\/\/fbpf.org.br\/site\/wp-content\/uploads\/2026\/09\/image.png\" alt=\"\" class=\"wp-image-3746\" srcset=\"https:\/\/fbpf.org.br\/site\/wp-content\/uploads\/2026\/09\/image.png 705w, https:\/\/fbpf.org.br\/site\/wp-content\/uploads\/2026\/09\/image-300x170.png 300w\" sizes=\"auto, (max-width: 705px) 100vw, 705px\" \/><\/figure>\n<\/div>\n\n\n<p class=\"wp-block-paragraph\">L&#8217;Association des professeurs de fran\u00e7ais de Santa Catarina (APFSC) a l&#8217;honneur d&#8217;accueillir le Congr\u00e8s br\u00e9silien des professeurs de fran\u00e7ais \u00e0 Florian\u00f3polis, du 15 au 18 mars 2027. Cette rencontre internationale, \u00e0 la fois acad\u00e9mique et associative, vise \u00e0 offrir un espace de r\u00e9flexion collective sur les nombreuses strat\u00e9gies et actions d\u00e9velopp\u00e9es dans les diff\u00e9rentes r\u00e9gions du Br\u00e9sil et ailleurs. Organis\u00e9 durant le mois de la Francophonie, le congr\u00e8s mettra en lumi\u00e8re des pratiques p\u00e9dagogiques innovantes, des recherches r\u00e9centes et des dispositifs de formation qui s&#8217;articulent autour de la langue fran\u00e7aise et des multiples connexions qu&#8217;elle permet d&#8217;\u00e9tablir. Chercheurs, enseignants, \u00e9tudiants, formateurs et acteurs institutionnels sont ainsi invit\u00e9s \u00e0 r\u00e9fl\u00e9chir ensemble aux diff\u00e9rentes mani\u00e8res dont la langue fran\u00e7aise contribue aujourd&#8217;hui \u00e0 la mise en relation des id\u00e9es, \u00e0 l&#8217;ouverture de dialogues interculturels et \u00e0 la construction d&#8217;exp\u00e9riences p\u00e9dagogiques, sociales, culturelles et scientifiques partag\u00e9es.<br>Dans cette perspective, le XXV Congr\u00e8s br\u00e9silien des professeurs de fran\u00e7ais, \u00e0 Florianop\u00f3lis, se con\u00e7oit un espace de rencontre et de mise en r\u00e9seau, propice \u00e0 la construction de ponts entre pratiques, recherches et exp\u00e9riences, ainsi qu\u2019au d\u00e9clenchement de dynamiques collaboratives et innovantes. Guid\u00e9 par l\u2019id\u00e9e motrice : Le fran\u00e7ais, une langue de connexion des id\u00e9es, des exp\u00e9riences et des cultures, il veut favoriser la circulation des savoirs et la diffusion d\u2019initiatives inspirantes, en renfor\u00e7ant les liens entre les acteurs engag\u00e9s dans le champ du fran\u00e7ais langue \u00e9trang\u00e8re, au Br\u00e9sil et au-del\u00e0.<br>Alors, quelles pratiques souhaitons-nous partager et valoriser aujourd\u2019hui ? Quels dialogues d\u00e9sirons-nous ouvrir entre nos contextes et nos exp\u00e9riences ? Et de quelles mani\u00e8res, collectivement, pouvons-nous contribuer \u00e0 renouveler les approches p\u00e9dagogiques, scientifiques et culturelles autour de la langue fran\u00e7aise ?<\/p>\n\n\n\n<p class=\"wp-block-paragraph\">Nous invitons les personnes souhaitant proposer une communication par affiches \u00e0 visiter la page du XXV CBPF pour avoir des informations d\u00e9taill\u00e9es ou \u00e0 lire nos lettres d&#8217;informations en PJ.<\/p>\n\n\n\n<p class=\"wp-block-paragraph\"><a href=\"https:\/\/www.even3.com.br\/xxv-congres-bresilien-des-professeurs-de-francais-706153?even3_orig=events_eventlist\" target=\"_blank\" rel=\"noopener\">https:\/\/www.even3.com.br\/xxv-congres-bresilien-des-professeurs-de-francais-706153?even3_orig=events_eventlist<\/a><\/p>\n\n\n\n<p class=\"wp-block-paragraph\">L\u2019Association des professeurs de fran\u00e7ais de Santa Catarina (APFSC) vous accueillera pour r\u00e9fl\u00e9chir ensemble \u00e0 ces questions ainsi qu\u2019\u00e0 bien d\u2019autres.<\/p>\n\n\n\n<h4 class=\"wp-block-heading\">Le Comit\u00e9 organisateur<\/h4>\n\n\n\n<p class=\"wp-block-paragraph\" id=\"_block\">Clarissa LAUS PEREIRA OLIVEIRA &#8211; Pr\u00e9sidente<br>Andr\u00e9 BERRI<br>Gilles ABES<br>Le Comit\u00e9 scientifique<br>Luciana RASSIER &#8211; Pr\u00e9sidente<br>Sabrina ARAG\u00c3O<br>Josilene PINHEIRO-MARIZ<\/p>\n\n\n\n<p class=\"wp-block-paragraph\">Au plaisir de vous rencontrer en mars 2027, \u00e0 Florianopolis.<br>Clarissa P. Oliveira<br>Pr\u00e9sidente de l&#8217;APFSC<br>Pr\u00e9sidente du comit\u00e9 d&#8217;organisation du XXV CBPF<\/p>\n\n\n\n<h4 class=\"wp-block-heading\">Chamada para monitoria volunt\u00e1ria<\/h4>\n\n\n\n<p class=\"wp-block-paragraph\">Nous invitons les \u00e9tudiants \u00e0 int\u00e9grer notre \u00e9quipe de moniteurs.<br><a href=\"https:\/\/docs.google.com\/forms\/d\/e\/1FAIpQLSeHNhFubBSH60Z3-D-IscpVE1WLWcpzKXfS6YN2o6WMjfuXJw\/viewform\" target=\"_blank\" rel=\"noopener\">https:\/\/docs.google.com\/forms\/d\/e\/1FAIpQLSeHNhFubBSH60Z3-D-IscpVE1WLWcpzKXfS6YN2o6WMjfuXJw\/viewform<\/a><\/p>\n","protected":false},"excerpt":{"rendered":"<p>L&#8217;Association des professeurs de fran\u00e7ais de Santa Catarina (APFSC) a l&#8217;honneur d&#8217;accueillir le Congr\u00e8s br\u00e9silien des professeurs de fran\u00e7ais \u00e0 Florian\u00f3polis, du 15 au 18 mars 2027. Cette rencontre internationale, \u00e0 la fois acad\u00e9mique et associative, vise \u00e0 offrir un espace de r\u00e9flexion collective sur les nombreuses strat\u00e9gies et actions d\u00e9velopp\u00e9es dans les diff\u00e9rentes r\u00e9gions<\/p>\n<p class=\"more-link-wrapper\"><a href=\"https:\/\/fbpf.org.br\/site\/apfs\/santa-catarina\/xxv-congres-bresilien-des-professeurs-de-francais\/\" class=\"more-link\">Continue de lire<span class=\"screen-reader-text\"> &#8220;XXV Congr\u00e8s Br\u00e9silien des Professeurs de Fran\u00e7ais&#8221;<\/span><\/a><\/p>\n","protected":false},"author":2,"featured_media":3727,"comment_status":"closed","ping_status":"open","sticky":false,"template":"","format":"standard","meta":{"footnotes":""},"categories":[39,27],"tags":[],"class_list":["post-3726","post","type-post","status-publish","format-standard","has-post-thumbnail","hentry","category-congres","category-santa-catarina"],"featured_image_src":"https:\/\/fbpf.org.br\/site\/wp-content\/uploads\/2026\/09\/cbpf_Logofundocolor.779a62db3ba64f7fa4e1.webp","author_info":{"display_name":"FBPF","author_link":"https:\/\/fbpf.org.br\/site\/author\/editor\/"},"_links":{"self":[{"href":"https:\/\/fbpf.org.br\/site\/wp-json\/wp\/v2\/posts\/3726","targetHints":{"allow":["GET"]}}],"collection":[{"href":"https:\/\/fbpf.org.br\/site\/wp-json\/wp\/v2\/posts"}],"about":[{"href":"https:\/\/fbpf.org.br\/site\/wp-json\/wp\/v2\/types\/post"}],"author":[{"embeddable":true,"href":"https:\/\/fbpf.org.br\/site\/wp-json\/wp\/v2\/users\/2"}],"replies":[{"embeddable":true,"href":"https:\/\/fbpf.org.br\/site\/wp-json\/wp\/v2\/comments?post=3726"}],"version-history":[{"count":7,"href":"https:\/\/fbpf.org.br\/site\/wp-json\/wp\/v2\/posts\/3726\/revisions"}],"predecessor-version":[{"id":3748,"href":"https:\/\/fbpf.org.br\/site\/wp-json\/wp\/v2\/posts\/3726\/revisions\/3748"}],"wp:featuredmedia":[{"embeddable":true,"href":"https:\/\/fbpf.org.br\/site\/wp-json\/wp\/v2\/media\/3727"}],"wp:attachment":[{"href":"https:\/\/fbpf.org.br\/site\/wp-json\/wp\/v2\/media?parent=3726"}],"wp:term":[{"taxonomy":"category","embeddable":true,"href":"https:\/\/fbpf.org.br\/site\/wp-json\/wp\/v2\/categories?post=3726"},{"taxonomy":"post_tag","embeddable":true,"href":"https:\/\/fbpf.org.br\/site\/wp-json\/wp\/v2\/tags?post=3726"}],"curies":[{"name":"wp","href":"https:\/\/api.w.org\/{rel}","templated":true}]}}